{"id":633,"date":"2024-07-05T02:06:20","date_gmt":"2024-07-05T05:06:20","guid":{"rendered":"https:\/\/elaportodas.com\/?p=633"},"modified":"2024-07-05T02:06:20","modified_gmt":"2024-07-05T05:06:20","slug":"importancia-do-julho-das-pretas","status":"publish","type":"post","link":"https:\/\/elaportodas.com\/index.php\/2024\/07\/05\/importancia-do-julho-das-pretas\/","title":{"rendered":"IMPORT\u00c2NCIA DO JULHO DAS PRETAS"},"content":{"rendered":"\n<p>O Julho das Pretas \u00e9 um movimento de extrema relev\u00e2ncia que come\u00e7ou em 2013, inicialmente idealizado pelo Odara &#8211; Instituto da Mulher Negra, na Bahia. Criado com o prop\u00f3sito de promover a visibilidade e a valoriza\u00e7\u00e3o das mulheres negras na sociedade, este movimento nasceu como uma resposta \u00e0s m\u00faltiplas opress\u00f5es e invisibilidades que as mulheres negras enfrentam diariamente. A data foi escolhida em homenagem ao Dia Internacional da Mulher Negra Latino-Americana e Caribenha, comemorado em 25 de julho.<\/p>\n\n\n\n<p>Desde sua cria\u00e7\u00e3o, o Julho das Pretas cresceu exponencialmente, tornando-se um m\u00eas de intensas atividades, debates, manifesta\u00e7\u00f5es culturais e pol\u00edticas em diversas partes do Brasil. A cada ano, novas edi\u00e7\u00f5es s\u00e3o realizadas em diferentes estados, ampliando a rede de participantes e apoiadores. Estados como S\u00e3o Paulo, Rio de Janeiro, Minas Gerais, Pernambuco, e outros t\u00eam se destacado com programa\u00e7\u00f5es robustas que incluem semin\u00e1rios, rodas de conversa, oficinas, manifesta\u00e7\u00f5es culturais e marchas.<\/p>\n\n\n\n<p>Ao longo dos anos, o Julho das Pretas n\u00e3o s\u00f3 consolidou seu espa\u00e7o no Brasil, mas tamb\u00e9m inspirou a\u00e7\u00f5es e eventos em outros pa\u00edses, principalmente na Am\u00e9rica Latina e no Caribe, onde a luta das mulheres negras tamb\u00e9m encontra forte eco. A propor\u00e7\u00e3o que o movimento tomou demonstra a necessidade e a urg\u00eancia de discutir e enfrentar as quest\u00f5es de ra\u00e7a, g\u00eanero e classe.<\/p>\n\n\n\n<p>Um dos pontos altos do Julho das Pretas \u00e9 a Marcha Nacional das Mulheres Pretas, que ocorre em diversas capitais do pa\u00eds, reunindo milhares de mulheres em um grito un\u00edssono por direitos, igualdade e justi\u00e7a. Essa marcha \u00e9 um s\u00edmbolo de resist\u00eancia e uni\u00e3o, onde mulheres negras de todas as idades e origens se encontram para compartilhar suas hist\u00f3rias, suas lutas e suas esperan\u00e7as.<\/p>\n\n\n\n<p>Qualquer pessoa pode participar das atividades do Julho das Pretas, independentemente de ra\u00e7a ou g\u00eanero, desde que se comprometa a respeitar e apoiar as pautas do movimento. A participa\u00e7\u00e3o \u00e9 aberta e encorajada, pois a luta contra o racismo e o machismo estrutural \u00e9 de responsabilidade coletiva.<\/p>\n\n\n\n<p>Para 2024, o tema escolhido \u00e9 &#8220;Mulheres Negras: Ra\u00edzes de Resist\u00eancia, Flores de Esperan\u00e7a.&#8221; Este tema busca homenagear a trajet\u00f3ria de resist\u00eancia hist\u00f3rica das mulheres negras, destacando suas contribui\u00e7\u00f5es inestim\u00e1veis para a constru\u00e7\u00e3o de uma sociedade mais justa e igualit\u00e1ria. Al\u00e9m disso, o tema enfatiza a necessidade de continuar lutando por um futuro onde todas as mulheres negras possam florescer em plenitude.<\/p>\n\n\n\n<p>O Julho das Pretas \u00e9, portanto, mais do que um m\u00eas de celebra\u00e7\u00e3o; \u00e9 um espa\u00e7o de constru\u00e7\u00e3o de conhecimento, fortalecimento de redes e promo\u00e7\u00e3o de mudan\u00e7as sociais profundas. \u00c9 um momento crucial para refletir sobre a trajet\u00f3ria das mulheres negras e para reafirmar o compromisso com a luta por direitos e igualdade.<\/p>\n","protected":false},"excerpt":{"rendered":"<p>O Julho das Pretas \u00e9 um movimento de extrema relev\u00e2ncia que come\u00e7ou em 2013, inicialmente idealizado pelo Odara &#8211; Instituto da Mulher Negra, na Bahia. Criado com o prop\u00f3sito de promover a visibilidade e a valoriza\u00e7\u00e3o das mulheres negras na sociedade, este movimento nasceu como uma resposta \u00e0s m\u00faltiplas opress\u00f5es e invisibilidades que as mulheres [&hellip;]<\/p>\n","protected":false},"author":1,"featured_media":634,"comment_status":"open","ping_status":"open","sticky":false,"template":"","format":"standard","meta":{"footnotes":""},"categories":[1],"tags":[],"class_list":["post-633","post","type-post","status-publish","format-standard","has-post-thumbnail","hentry","category-blog"],"_links":{"self":[{"href":"https:\/\/elaportodas.com\/index.php\/wp-json\/wp\/v2\/posts\/633","targetHints":{"allow":["GET"]}}],"collection":[{"href":"https:\/\/elaportodas.com\/index.php\/wp-json\/wp\/v2\/posts"}],"about":[{"href":"https:\/\/elaportodas.com\/index.php\/wp-json\/wp\/v2\/types\/post"}],"author":[{"embeddable":true,"href":"https:\/\/elaportodas.com\/index.php\/wp-json\/wp\/v2\/users\/1"}],"replies":[{"embeddable":true,"href":"https:\/\/elaportodas.com\/index.php\/wp-json\/wp\/v2\/comments?post=633"}],"version-history":[{"count":1,"href":"https:\/\/elaportodas.com\/index.php\/wp-json\/wp\/v2\/posts\/633\/revisions"}],"predecessor-version":[{"id":635,"href":"https:\/\/elaportodas.com\/index.php\/wp-json\/wp\/v2\/posts\/633\/revisions\/635"}],"wp:featuredmedia":[{"embeddable":true,"href":"https:\/\/elaportodas.com\/index.php\/wp-json\/wp\/v2\/media\/634"}],"wp:attachment":[{"href":"https:\/\/elaportodas.com\/index.php\/wp-json\/wp\/v2\/media?parent=633"}],"wp:term":[{"taxonomy":"category","embeddable":true,"href":"https:\/\/elaportodas.com\/index.php\/wp-json\/wp\/v2\/categories?post=633"},{"taxonomy":"post_tag","embeddable":true,"href":"https:\/\/elaportodas.com\/index.php\/wp-json\/wp\/v2\/tags?post=633"}],"curies":[{"name":"wp","href":"https:\/\/api.w.org\/{rel}","templated":true}]}}